{"id":118,"date":"2025-05-13T16:27:55","date_gmt":"2025-05-13T19:27:55","guid":{"rendered":"https:\/\/www.usal.edu.ar\/vrf\/?p=118"},"modified":"2025-11-25T13:12:15","modified_gmt":"2025-11-25T16:12:15","slug":"teologia","status":"publish","type":"post","link":"https:\/\/www.usal.edu.ar\/vrf\/teologia\/","title":{"rendered":"Departamento de Teolog\u00eda"},"content":{"rendered":"\n<h5 class=\"wp-block-heading\">El Departamento de Teolog\u00eda tiene la misi\u00f3n de fortalecer la identidad cat\u00f3lica de la Universidad a trav\u00e9s de la formaci\u00f3n teol\u00f3gica como parte esencial de la educaci\u00f3n integral, cient\u00edfica, human\u00edstica y cristiana, que caracteriza a la USAL.<\/h5>\n\n\n\n<hr class=\"wp-block-separator has-text-color has-secondary-color has-alpha-channel-opacity has-secondary-background-color has-background is-style-wide\" style=\"margin-top:var(--wp--preset--spacing--30);margin-bottom:var(--wp--preset--spacing--30)\" \/>\n\n\n\n<div class=\"wp-block-media-text is-stacked-on-mobile\" style=\"margin-top:var(--wp--preset--spacing--30);margin-bottom:var(--wp--preset--spacing--30);grid-template-columns:28% auto\"><figure class=\"wp-block-media-text__media\"><img loading=\"lazy\" decoding=\"async\" width=\"594\" height=\"593\" src=\"https:\/\/www.usal.edu.ar\/vrf\/wp-content\/uploads\/sites\/20\/2025\/05\/Agustin-Podesta-B.jpg\" alt=\"\" class=\"wp-image-760 size-full\" srcset=\"https:\/\/www.usal.edu.ar\/vrf\/wp-content\/uploads\/sites\/20\/2025\/05\/Agustin-Podesta-B.jpg 594w, https:\/\/www.usal.edu.ar\/vrf\/wp-content\/uploads\/sites\/20\/2025\/05\/Agustin-Podesta-B-300x300.jpg 300w, https:\/\/www.usal.edu.ar\/vrf\/wp-content\/uploads\/sites\/20\/2025\/05\/Agustin-Podesta-B-150x150.jpg 150w\" sizes=\"auto, (max-width: 594px) 100vw, 594px\" \/><\/figure><div class=\"wp-block-media-text__content\">\n<p class=\"has-text-align-right\" style=\"line-height:0.2\"><strong>Mag. Agust\u00edn Podest\u00e1 Brignole<\/strong><\/p>\n\n\n\n<p class=\"has-text-align-right\" style=\"line-height:0.2\"><strong>Director del Departamento de Teolog\u00eda<\/strong> <\/p>\n\n\n\n<p class=\"has-text-align-right\">Mag\u00edster en Teolog\u00eda con especializaci\u00f3n en Historia de la Iglesia (UCA) y Diplomado Superior en Ecolog\u00eda Integral (Red Universitaria para el Cuidado de la Casa Com\u00fan). Miembro de la Sociedad Argentina de Teolog\u00eda<\/p>\n<\/div><\/div>\n\n\n\n<p><strong>Desde el \u00e1mbito acad\u00e9mico<\/strong>, coordina los contenidos de las asignaturas de Teolog\u00eda en carreras de grado y posgrado, fomenta el estudio de la disciplina teol\u00f3gica en di\u00e1logo con otras \u00e1reas del saber, acompa\u00f1a a los docentes del \u00e1rea y promueve espacios de investigaci\u00f3n, reflexi\u00f3n y encuentro.<\/p>\n\n\n\n<p><strong>Su objetivo es<\/strong> ofrecer a la comunidad universitaria una formaci\u00f3n en valores y en el pensamiento de la Iglesia, en sinton\u00eda con el magisterio de la Iglesia en general y del Papa Francisco en particular, y del Documento Carta de Principios de la USAL, contribuyendo as\u00ed a una educaci\u00f3n comprometida con la fe, la justicia y el servicio.<\/p>\n","protected":false},"excerpt":{"rendered":"<p>El Departamento de Teolog\u00eda tiene la misi\u00f3n de fortalecer la identidad cat\u00f3lica de la Universidad a trav\u00e9s de la formaci\u00f3n teol\u00f3gica como parte esencial de la educaci\u00f3n integral, cient\u00edfica, human\u00edstica y cristiana, que caracteriza a la USAL. Mag. Agust\u00edn Podest\u00e1 Brignole Director del Departamento de Teolog\u00eda Mag\u00edster en Teolog\u00eda con especializaci\u00f3n en Historia de la [&hellip;]<\/p>\n","protected":false},"author":54,"featured_media":432,"comment_status":"closed","ping_status":"closed","sticky":false,"template":"","format":"standard","meta":{"_acf_changed":false,"footnotes":""},"categories":[1],"tags":[],"class_list":["post-118","post","type-post","status-publish","format-standard","has-post-thumbnail","hentry","category-tarea"],"acf":[],"_links":{"self":[{"href":"https:\/\/www.usal.edu.ar\/vrf\/wp-json\/wp\/v2\/posts\/118","targetHints":{"allow":["GET"]}}],"collection":[{"href":"https:\/\/www.usal.edu.ar\/vrf\/wp-json\/wp\/v2\/posts"}],"about":[{"href":"https:\/\/www.usal.edu.ar\/vrf\/wp-json\/wp\/v2\/types\/post"}],"author":[{"embeddable":true,"href":"https:\/\/www.usal.edu.ar\/vrf\/wp-json\/wp\/v2\/users\/54"}],"replies":[{"embeddable":true,"href":"https:\/\/www.usal.edu.ar\/vrf\/wp-json\/wp\/v2\/comments?post=118"}],"version-history":[{"count":29,"href":"https:\/\/www.usal.edu.ar\/vrf\/wp-json\/wp\/v2\/posts\/118\/revisions"}],"predecessor-version":[{"id":868,"href":"https:\/\/www.usal.edu.ar\/vrf\/wp-json\/wp\/v2\/posts\/118\/revisions\/868"}],"wp:featuredmedia":[{"embeddable":true,"href":"https:\/\/www.usal.edu.ar\/vrf\/wp-json\/wp\/v2\/media\/432"}],"wp:attachment":[{"href":"https:\/\/www.usal.edu.ar\/vrf\/wp-json\/wp\/v2\/media?parent=118"}],"wp:term":[{"taxonomy":"category","embeddable":true,"href":"https:\/\/www.usal.edu.ar\/vrf\/wp-json\/wp\/v2\/categories?post=118"},{"taxonomy":"post_tag","embeddable":true,"href":"https:\/\/www.usal.edu.ar\/vrf\/wp-json\/wp\/v2\/tags?post=118"}],"curies":[{"name":"wp","href":"https:\/\/api.w.org\/{rel}","templated":true}]}}