{"id":137,"date":"2025-05-13T17:17:05","date_gmt":"2025-05-13T20:17:05","guid":{"rendered":"https:\/\/www.usal.edu.ar\/vrf\/?p=137"},"modified":"2026-03-20T17:15:04","modified_gmt":"2026-03-20T20:15:04","slug":"pastoral-universitaria","status":"publish","type":"post","link":"https:\/\/www.usal.edu.ar\/vrf\/pastoral-universitaria\/","title":{"rendered":"Pastoral Universitaria"},"content":{"rendered":"\n<p> En su esencia, la pastoral universitaria tiene como misi\u00f3n fundamental concretizar la misi\u00f3n de la Iglesia en la universidad, raz\u00f3n por la cual es parte integrante de su actividad y de su estructura. \u00a8&nbsp;<em>Una comunidad universitaria preocupada en promover el car\u00e1cter cat\u00f3lico de la Instituci\u00f3n, debe ser consciente de esta dimensi\u00f3n pastoral y sensible al modo en que ella puede influir sobre todas sus actividades<\/em>\u00a8.<\/p>\n\n\n\n<p><\/p>\n\n\n\n<hr class=\"wp-block-separator has-alpha-channel-opacity is-style-wide\" style=\"margin-top:var(--wp--preset--spacing--30);margin-bottom:var(--wp--preset--spacing--30)\" \/>\n\n\n\n<div class=\"wp-block-media-text is-stacked-on-mobile\" style=\"grid-template-columns:56% auto\"><figure class=\"wp-block-media-text__media\"><img loading=\"lazy\" decoding=\"async\" width=\"819\" height=\"1024\" src=\"https:\/\/www.usal.edu.ar\/vrf\/wp-content\/uploads\/sites\/20\/2025\/09\/jornada-de-reconciliacion-819x1024.jpeg\" alt=\"\" class=\"wp-image-1169 size-full\" srcset=\"https:\/\/www.usal.edu.ar\/vrf\/wp-content\/uploads\/sites\/20\/2025\/09\/jornada-de-reconciliacion-819x1024.jpeg 819w, https:\/\/www.usal.edu.ar\/vrf\/wp-content\/uploads\/sites\/20\/2025\/09\/jornada-de-reconciliacion-240x300.jpeg 240w, https:\/\/www.usal.edu.ar\/vrf\/wp-content\/uploads\/sites\/20\/2025\/09\/jornada-de-reconciliacion-768x960.jpeg 768w, https:\/\/www.usal.edu.ar\/vrf\/wp-content\/uploads\/sites\/20\/2025\/09\/jornada-de-reconciliacion.jpeg 1080w\" sizes=\"auto, (max-width: 819px) 100vw, 819px\" \/><\/figure><div class=\"wp-block-media-text__content\">\n<p>Les ofrecemos est\u00e9s espacio para preparar el coraz\u00f3n hacia la Pascua.<br>Un momento para conversar con los sacerdotes, celebrar el sacramento de la reconciliaci\u00f3n (confesi\u00f3n) y experimentar el abrazo misericordioso de Dios.<br>Cualquier duda o consulta nos escriben a <a href=\"mailto:pastoral@usal.edu.ar\">pastoral@usal.edu.ar<\/a><\/p>\n\n\n\n<p><\/p>\n<\/div><\/div>\n\n\n\n<hr class=\"wp-block-separator has-alpha-channel-opacity is-style-wide\" style=\"margin-top:var(--wp--preset--spacing--40);margin-bottom:var(--wp--preset--spacing--40)\" \/>\n\n\n\n<div class=\"wp-block-media-text has-media-on-the-right is-stacked-on-mobile\" style=\"border-width:1px;padding-top:0;padding-bottom:0\"><div class=\"wp-block-media-text__content\">\n<p>Estamos organizando reuniones preparativas para recibir los Sacramentos o profundizar en la f\u00e9.<\/p>\n\n\n\n<p>Pod\u00e9s consultar en <a href=\"mailto:pastoral@usal.edu.ar\">pastoral@usal.edu.ar<\/a><\/p>\n<\/div><figure class=\"wp-block-media-text__media\"><img loading=\"lazy\" decoding=\"async\" width=\"819\" height=\"1024\" src=\"https:\/\/www.usal.edu.ar\/vrf\/wp-content\/uploads\/sites\/20\/2025\/05\/catequesis2026-819x1024.jpg\" alt=\"\" class=\"wp-image-1118 size-full\" srcset=\"https:\/\/www.usal.edu.ar\/vrf\/wp-content\/uploads\/sites\/20\/2025\/05\/catequesis2026-819x1024.jpg 819w, https:\/\/www.usal.edu.ar\/vrf\/wp-content\/uploads\/sites\/20\/2025\/05\/catequesis2026-240x300.jpg 240w, https:\/\/www.usal.edu.ar\/vrf\/wp-content\/uploads\/sites\/20\/2025\/05\/catequesis2026-768x960.jpg 768w, https:\/\/www.usal.edu.ar\/vrf\/wp-content\/uploads\/sites\/20\/2025\/05\/catequesis2026.jpg 1080w\" sizes=\"auto, (max-width: 819px) 100vw, 819px\" \/><\/figure><\/div>\n\n\n\n<hr class=\"wp-block-separator has-alpha-channel-opacity is-style-wide\" style=\"margin-top:var(--wp--preset--spacing--30);margin-bottom:var(--wp--preset--spacing--30)\" \/>\n\n\n\n<div class=\"wp-block-media-text is-stacked-on-mobile\" style=\"border-width:1px;grid-template-columns:55% auto\"><figure class=\"wp-block-media-text__media\"><img loading=\"lazy\" decoding=\"async\" width=\"819\" height=\"1024\" src=\"https:\/\/www.usal.edu.ar\/vrf\/wp-content\/uploads\/sites\/20\/2025\/05\/WhatsApp-Image-2026-03-14-at-17.16.39-819x1024.jpeg\" alt=\"\" class=\"wp-image-1074 size-full\" srcset=\"https:\/\/www.usal.edu.ar\/vrf\/wp-content\/uploads\/sites\/20\/2025\/05\/WhatsApp-Image-2026-03-14-at-17.16.39-819x1024.jpeg 819w, https:\/\/www.usal.edu.ar\/vrf\/wp-content\/uploads\/sites\/20\/2025\/05\/WhatsApp-Image-2026-03-14-at-17.16.39-240x300.jpeg 240w, https:\/\/www.usal.edu.ar\/vrf\/wp-content\/uploads\/sites\/20\/2025\/05\/WhatsApp-Image-2026-03-14-at-17.16.39-768x960.jpeg 768w, https:\/\/www.usal.edu.ar\/vrf\/wp-content\/uploads\/sites\/20\/2025\/05\/WhatsApp-Image-2026-03-14-at-17.16.39.jpeg 1080w\" sizes=\"auto, (max-width: 819px) 100vw, 819px\" \/><\/figure><div class=\"wp-block-media-text__content\">\n<p><strong>Retiro Ignaciano<\/strong><\/p>\n\n\n\n<p>Los invitamos a participar de dos d\u00edas de oraci\u00f3n y silencio inspirados en los Ejercicios de San Ignacio, guiados por los sacerdotes Sebasti\u00e1n Rizzo, Andr\u00e9s Tocalini y Agust\u00edn Rivarola. No requiere experiencia previa.<\/p>\n\n\n\n<p>\ud83d\udccdDesde viernes 17 de abril a las 19 hs, hasta el domingo 19 de abril las 19 hs<\/p>\n\n\n\n<p style=\"border-style:none;border-width:0px\">\u26eaSanta Casa de Ejercicios Espirituales San Ignacio de Loyola: Av. Independencia 1190, CABA.<\/p>\n\n\n\n<p>Valor: $165.000 (incluye materiales, hospedaje, comidas y acompa\u00f1amiento).<\/p>\n\n\n\n<p>*El personal de la Universidad del Salvador tendr\u00e1 una bonificaci\u00f3n del 50% del arancel. *<\/p>\n\n\n\n<p>Informes: secretaria@ceia.org.ar<br>Inscripci\u00f3n: <a href=\"https:\/\/forms.gle\/yCE3Tb9ZtFS3Xrye7\">https:\/\/forms.gle\/yCE3Tb9ZtFS3Xrye7<\/a><\/p>\n<\/div><\/div>\n\n\n\n<figure class=\"wp-block-gallery has-nested-images columns-default is-cropped wp-block-gallery-1 is-layout-flex wp-block-gallery-is-layout-flex\">\n<figure class=\"wp-block-image size-large\"><a href=\"https:\/\/www.usal.edu.ar\/vrf\/oratorios\/\"><img loading=\"lazy\" decoding=\"async\" width=\"783\" height=\"395\" data-id=\"451\" src=\"https:\/\/www.usal.edu.ar\/vrf\/wp-content\/uploads\/sites\/20\/2025\/05\/oratorios1-1.jpg\" alt=\"\" class=\"wp-image-451\" srcset=\"https:\/\/www.usal.edu.ar\/vrf\/wp-content\/uploads\/sites\/20\/2025\/05\/oratorios1-1.jpg 783w, https:\/\/www.usal.edu.ar\/vrf\/wp-content\/uploads\/sites\/20\/2025\/05\/oratorios1-1-300x151.jpg 300w, https:\/\/www.usal.edu.ar\/vrf\/wp-content\/uploads\/sites\/20\/2025\/05\/oratorios1-1-768x387.jpg 768w\" sizes=\"auto, (max-width: 783px) 100vw, 783px\" \/><\/a><\/figure>\n\n\n\n<figure class=\"wp-block-image size-large\"><a href=\"https:\/\/www.usal.edu.ar\/vrf\/sacramentos\/\"><img loading=\"lazy\" decoding=\"async\" width=\"783\" height=\"395\" data-id=\"453\" src=\"https:\/\/www.usal.edu.ar\/vrf\/wp-content\/uploads\/sites\/20\/2025\/05\/sacramentos1-1.jpg\" alt=\"\" class=\"wp-image-453\" srcset=\"https:\/\/www.usal.edu.ar\/vrf\/wp-content\/uploads\/sites\/20\/2025\/05\/sacramentos1-1.jpg 783w, https:\/\/www.usal.edu.ar\/vrf\/wp-content\/uploads\/sites\/20\/2025\/05\/sacramentos1-1-300x151.jpg 300w, https:\/\/www.usal.edu.ar\/vrf\/wp-content\/uploads\/sites\/20\/2025\/05\/sacramentos1-1-768x387.jpg 768w\" sizes=\"auto, (max-width: 783px) 100vw, 783px\" \/><\/a><\/figure>\n\n\n\n<figure class=\"wp-block-image size-large\"><a href=\"https:\/\/www.usal.edu.ar\/vrf\/misas-en-sedes-centro-y-pilar\/\"><img loading=\"lazy\" decoding=\"async\" width=\"783\" height=\"395\" data-id=\"455\" src=\"https:\/\/www.usal.edu.ar\/vrf\/wp-content\/uploads\/sites\/20\/2025\/05\/horarios-de-misas1.jpg\" alt=\"\" class=\"wp-image-455\" srcset=\"https:\/\/www.usal.edu.ar\/vrf\/wp-content\/uploads\/sites\/20\/2025\/05\/horarios-de-misas1.jpg 783w, https:\/\/www.usal.edu.ar\/vrf\/wp-content\/uploads\/sites\/20\/2025\/05\/horarios-de-misas1-300x151.jpg 300w, https:\/\/www.usal.edu.ar\/vrf\/wp-content\/uploads\/sites\/20\/2025\/05\/horarios-de-misas1-768x387.jpg 768w\" sizes=\"auto, (max-width: 783px) 100vw, 783px\" \/><\/a><\/figure>\n<\/figure>\n\n\n\n<p><\/p>\n","protected":false},"excerpt":{"rendered":"<p>En su esencia, la pastoral universitaria tiene como misi\u00f3n fundamental concretizar la misi\u00f3n de la Iglesia en la universidad, raz\u00f3n por la cual es parte integrante de su actividad y de su estructura. \u00a8&nbsp;Una comunidad universitaria preocupada en promover el car\u00e1cter cat\u00f3lico de la Instituci\u00f3n, debe ser consciente de esta dimensi\u00f3n pastoral y sensible al [&hellip;]<\/p>\n","protected":false},"author":54,"featured_media":875,"comment_status":"closed","ping_status":"closed","sticky":false,"template":"","format":"standard","meta":{"_acf_changed":false,"footnotes":""},"categories":[8],"tags":[],"class_list":["post-137","post","type-post","status-publish","format-standard","has-post-thumbnail","hentry","category-tarea-2"],"acf":[],"_links":{"self":[{"href":"https:\/\/www.usal.edu.ar\/vrf\/wp-json\/wp\/v2\/posts\/137","targetHints":{"allow":["GET"]}}],"collection":[{"href":"https:\/\/www.usal.edu.ar\/vrf\/wp-json\/wp\/v2\/posts"}],"about":[{"href":"https:\/\/www.usal.edu.ar\/vrf\/wp-json\/wp\/v2\/types\/post"}],"author":[{"embeddable":true,"href":"https:\/\/www.usal.edu.ar\/vrf\/wp-json\/wp\/v2\/users\/54"}],"replies":[{"embeddable":true,"href":"https:\/\/www.usal.edu.ar\/vrf\/wp-json\/wp\/v2\/comments?post=137"}],"version-history":[{"count":30,"href":"https:\/\/www.usal.edu.ar\/vrf\/wp-json\/wp\/v2\/posts\/137\/revisions"}],"predecessor-version":[{"id":1176,"href":"https:\/\/www.usal.edu.ar\/vrf\/wp-json\/wp\/v2\/posts\/137\/revisions\/1176"}],"wp:featuredmedia":[{"embeddable":true,"href":"https:\/\/www.usal.edu.ar\/vrf\/wp-json\/wp\/v2\/media\/875"}],"wp:attachment":[{"href":"https:\/\/www.usal.edu.ar\/vrf\/wp-json\/wp\/v2\/media?parent=137"}],"wp:term":[{"taxonomy":"category","embeddable":true,"href":"https:\/\/www.usal.edu.ar\/vrf\/wp-json\/wp\/v2\/categories?post=137"},{"taxonomy":"post_tag","embeddable":true,"href":"https:\/\/www.usal.edu.ar\/vrf\/wp-json\/wp\/v2\/tags?post=137"}],"curies":[{"name":"wp","href":"https:\/\/api.w.org\/{rel}","templated":true}]}}