{"id":502,"date":"2025-08-21T17:06:37","date_gmt":"2025-08-21T20:06:37","guid":{"rendered":"https:\/\/www.usal.edu.ar\/vrf\/?p=502"},"modified":"2025-12-11T13:27:43","modified_gmt":"2025-12-11T16:27:43","slug":"mision","status":"publish","type":"post","link":"https:\/\/www.usal.edu.ar\/vrf\/mision\/","title":{"rendered":"Nuestra misi\u00f3n"},"content":{"rendered":"\n<p>La misi\u00f3n del Vicerrectorado de Formaci\u00f3n de la Universidad del Salvador es la de colaborar con el Rectorado de la Universidad \u201c<em><strong>en orden a lograr la formaci\u00f3n integral, cient\u00edfica, human\u00edstica y cristiana del alumnado con particular atenci\u00f3n a la dimensi\u00f3n filos\u00f3fica teol\u00f3gica<\/strong><\/em>\u00a8 y de atender y \u00a8<em><strong>supervisar la actividad pastoral en todo \u00e1mbito de la Universidad<\/strong><\/em>\u00a8. Para el logro de estos objetivos, el Vicerrectorado lleva adelante tareas de \u00edndole acad\u00e9mica y pastoral.<\/p>\n\n\n\n<p><\/p>\n\n\n\n<p>El 15 de agosto de 1990, solemnidad de la Asunci\u00f3n de Mar\u00eda Sant\u00edsima, Su Santidad Juan Pablo II promulga un important\u00edsimo documento de su magisterio, la<strong> <em>Constituci\u00f3n Apost\u00f3lica sobre las Universidades Cat\u00f3licas Ex Corde Eclesiae<\/em>.<\/strong><em> (<a href=\"https:\/\/www.vatican.va\/content\/john-paul-ii\/es\/apost_constitutions\/documents\/hf_jp-ii_apc_15081990_ex-corde-ecclesiae.html\" target=\"_blank\" rel=\"noreferrer noopener\">https:\/\/www.vatican.va\/content\/john-paul-ii\/es\/apost_constitutions\/documents\/hf_jp-ii_apc_15081990_ex-corde-ecclesiae.html<\/a>)<\/em><\/p>\n\n\n\n<p><\/p>\n\n\n\n<p>Constituye un verdadero corpus compilatorio del Magisterio Pontificio sobre el tema de la universidad cat\u00f3lica, plantea dos grandes desaf\u00edos, de cara a los graves problemas que debe afrontar la universidad hoy por su naturaleza y misi\u00f3n.<\/p>\n\n\n\n<p><\/p>\n\n\n\n<p>La Iglesia llama a las universidades cat\u00f3licas a que se constituyan en un espacio universitario donde los se examine a fondo la realidad, con arreglo a los m\u00e9todos propios de cada saber o ciencia, de manera sistem\u00e1tica, estableciendo un dialogo entre las diversas disciplinas, promoviendo el proceso de integraci\u00f3n del saber. En este proceso de s\u00edntesis del saber Juan Pablo II convoca a los estudiosos universitarios a que, guiados por los aportes de la filosof\u00eda y la teolog\u00eda, se esfuercen por determinar el lugar y sentido de cada una de las disciplinas \u00e7, en el marco de una visi\u00f3n de la persona humana y del mundo iluminada por el Evangelio y por la fe en Cristo -Logos, como centro de creaci\u00f3n y de la historia. Esto es lo que el Santo Padre llama di\u00e1logo entre fe y raz\u00f3n, en el cual ambas se encuentran profundamente en un punto:  \u00abLa \u00fanica verdad\u00bb.<\/p>\n\n\n\n<p><\/p>\n\n\n\n<p>En este sentido, el Santo Padre se\u00f1alaba a las universidades cat\u00f3licas que su misi\u00f3n es:<\/p>\n\n\n\n<p><\/p>\n\n\n\n<ul class=\"wp-block-list\">\n<li>Contribuir&nbsp;<strong>\u00a8 a la tutela y desarrollo de la dignidad humana y de la herencia cultural mediante la investigaci\u00f3n. La ense\u00f1anza y los diversos servicios ofrecidos a las comunidades locales, nacionales e internacionales \u00a8<\/strong>.<\/li>\n\n\n\n<li>Formar hombres realmente insignes por su saber dispuestos a ejercer funciones comprometidas con la sociedad y a testimoniar su fe en el mundo. A este fin, la universidad debe \u201c<strong>garantizar de forma institucional una presencia cristiana en el mundo universitario frente a las grandes problemas de la sociedad y la cultura&nbsp;<\/strong>\u00a8.<\/li>\n\n\n\n<li>Ser un espacio donde el saber est\u00e9 al servicio de la persona humana, preocup\u00e1ndose de las implicaciones \u00e9ticas y morales. Es esencial en la vida de la universidad la convicci\u00f3n sobre la prioridad de lo \u00e9tico sobre lo t\u00e9cnico, de la primac\u00eda de la persona humana sobre cosas y de la superioridad del esp\u00edritu sobre la materia.<\/li>\n\n\n\n<li>Desde estas l\u00edneas directrices marcadas por el magisterio, surgieron las pol\u00edticas en orden a la formaci\u00f3n human\u00edstica- cristiana que aplica la Universidad del Salvador.<\/li>\n<\/ul>\n\n\n\n<p><\/p>\n\n\n\n<p>A partir de 1991 se inicia el proceso de adaptaci\u00f3n de los sistemas de ense\u00f1anza de la filosof\u00eda y la teolog\u00eda en las carreras de grado y postgrado en orden a ajustarlas a las mencionadas directrices. Se llevan a cabo reuniones de reflexi\u00f3n y dialogo a cargo <strong>S.E.R. Mons. Jorge Bergoglio SJ<\/strong>., en ese entonces Obispo Auxiliar de Buenos Aires, sobre la misi\u00f3n apost\u00f3lica y acad\u00e9mica de los docentes de filosof\u00eda y teolog\u00eda del Vicerrectorado. En estas se marcaron importantes pautas en orden a la orientaci\u00f3n de la formaci\u00f3n para las diversas c\u00e1tedras.<\/p>\n\n\n\n<p><\/p>\n\n\n\n<p>La creaci\u00f3n de nuevas carreras durante estos a\u00f1os y la modificaci\u00f3n de las curr\u00edculas de las ya existentes, suscita en consecuencia diversas respuestas en los planes con respecto a las asignaturas espec\u00edficas de esta \u00e1rea. La Universidad del Salvador no contaba hasta entonces con un plan \u00fanico de formaci\u00f3n filos\u00f3fico- teol\u00f3gica. El primer paso consisti\u00f3 en desarrollar un sistema homog\u00e9neo que respondiese al mismo tiempo a los requerimientos generales propios del saber filos\u00f3fico y teol\u00f3gico, a las notas especificas del estilo formativo de la Universidad del Salvador y que a la vez tuviese en cuenta las peculiaridades de las diversas disciplinas cient\u00edficas y la perspectivas vocacionales y profesionales de las diversas carreras.<\/p>\n\n\n\n<p><\/p>\n\n\n\n<p>As\u00ed que tras un periodo de intenso trabajo desarrollado en conjunto por las \u00e1reas de rectorado, Vicerrectorados, Secretar\u00eda General y diversas facultades, en 1994 se aprueba la modificaci\u00f3n en conjunto de estos planes de estudio de la Universidad del Salvador para aplicar un plan general de formaci\u00f3n filos\u00f3fico- teol\u00f3gica. Este plan ordena la formaci\u00f3n en tres grandes \u00e1reas:<\/p>\n\n\n\n<p><\/p>\n\n\n\n<ul class=\"wp-block-list\">\n<li><strong><em>La Filosof\u00eda<\/em><\/strong>: que comprende los cap\u00edtulos de la metaf\u00edsica, la antropolog\u00eda filos\u00f3fica y la l\u00f3gica. Se dicta, en general, en todos los primeros a\u00f1os de las carreras de la Universidad.<\/li>\n\n\n\n<li><strong><em>La Teolog\u00eda<\/em><\/strong><em>:<\/em>&nbsp;que comprende los tratados de Dios Uno y Trino, Dios Creador, Redentor y Santificador, Sacramentos, Eclesiolog\u00eda, Mariolog\u00eda. Se dicta, en general, en todos los segundos a\u00f1os de las carreras de la Universidad.<\/li>\n\n\n\n<li><em><strong>La \u00c9tica<\/strong>:<\/em>&nbsp;que abarca un tratado \u00fanico sobre el ser y el obrar humano asumido desde la doble perspectiva de la raz\u00f3n natural y la raz\u00f3n iluminada por la Revelaci\u00f3n, Consta de tres cap\u00edtulos: moral- \u00e9tica general, especial y profesional. Se dicta en los terceros o cuartos a\u00f1os de las carreras.<\/li>\n<\/ul>\n\n\n\n<p><\/p>\n\n\n\n<p>En la actualidad el Vicerrectorado de Formaci\u00f3n con las Direcciones de Teolog\u00eda y de Filosof\u00eda que cuentan con una n\u00f3mina de docentes que dictan las c\u00e1tedras de Filosof\u00eda, Teolog\u00eda y \u00c9tica en todas las carreras de la Universidad del Salvador.<\/p>\n\n\n\n<p><\/p>\n\n\n\n<p><strong>LA PASTORAL UNIVERSITARIA<\/strong><\/p>\n\n\n\n<p><\/p>\n\n\n\n<p>&nbsp;\u201c<em><strong>La pastoral universitaria es aquella actividad que ofrece a los miembros de la Comunidad la ocasi\u00f3n de coordinar el estudio acad\u00e9mico y las actividades para-acad\u00e9micas con los principios religiosos y morales, `integrado de esa manera la vida con la fe<\/strong><\/em>`\u2026\u00a8. Esta coordinaci\u00f3n pastoral, integradora de la vida cotidiana acad\u00e9mica con la fe religiosa, es una actividad que compromete a toda la vida universitaria. En su esencia, la pastoral universitaria tiene como misi\u00f3n fundamental concretizar la misi\u00f3n de la Iglesia en la Universidad, raz\u00f3n por la cual es parte integrante de su actividad y de su estructura. \u00a8<strong><em>Una comunidad universitaria preocupada en promover el car\u00e1cter cat\u00f3lico de la Instituci\u00f3n, debe ser consciente de esta dimensi\u00f3n pastoral y sensible al modo en que ella puede influir sobre todas sus actividades<\/em><\/strong>\u00a8.<\/p>\n\n\n\n<p><\/p>\n\n\n\n<p>En este sentido, la pastoral dentro de nuestra universidad ha buscado por todos los medios ser fiel a esta concepci\u00f3n pontificia y encarnarla dentro de la Universidad del Salvador.<\/p>\n\n\n\n<p><\/p>\n\n\n\n<p>Para esto contamos con capellanes que sistem\u00e1ticamente ejercen su vocaci\u00f3n sacerdotal, fundamentalmente administrando los sacramentos, a lo que se agrega la atenci\u00f3n ordinaria a los alumnos, realizando en distintas sedes de la Universidad, jornadas y convivencias.<\/p>\n\n\n\n<p><\/p>\n\n\n\n<p>Una de las m\u00e1s importantes repercusiones de la tarea de Pastoral Universitaria son los los encuentros de espiritualidad con docentes y con alumnos, Bautismos y Confirmaciones y Primeras Comuniones de los miembros de la comunidad de la Universidad del Salvador, los que se celebran en forma interrumpida todos los a\u00f1os. Es una tarea que desarrollan los capellanes y docentes en orden a la conversi\u00f3n y sostenimiento para responder al llamado de la Iglesia Universal a la evangelizaci\u00f3n.<\/p>\n\n\n\n<p><\/p>\n\n\n\n<p><\/p>\n","protected":false},"excerpt":{"rendered":"<p>La misi\u00f3n del Vicerrectorado de Formaci\u00f3n de la Universidad del Salvador es la de colaborar con el Rectorado de la Universidad \u201cen orden a lograr la formaci\u00f3n integral, cient\u00edfica, human\u00edstica y cristiana del alumnado con particular atenci\u00f3n a la dimensi\u00f3n filos\u00f3fica teol\u00f3gica\u00a8 y de atender y \u00a8supervisar la actividad pastoral en todo \u00e1mbito de la [&hellip;]<\/p>\n","protected":false},"author":54,"featured_media":0,"comment_status":"closed","ping_status":"closed","sticky":false,"template":"","format":"standard","meta":{"_acf_changed":false,"footnotes":""},"categories":[1],"tags":[],"class_list":["post-502","post","type-post","status-publish","format-standard","hentry","category-tarea"],"acf":[],"_links":{"self":[{"href":"https:\/\/www.usal.edu.ar\/vrf\/wp-json\/wp\/v2\/posts\/502","targetHints":{"allow":["GET"]}}],"collection":[{"href":"https:\/\/www.usal.edu.ar\/vrf\/wp-json\/wp\/v2\/posts"}],"about":[{"href":"https:\/\/www.usal.edu.ar\/vrf\/wp-json\/wp\/v2\/types\/post"}],"author":[{"embeddable":true,"href":"https:\/\/www.usal.edu.ar\/vrf\/wp-json\/wp\/v2\/users\/54"}],"replies":[{"embeddable":true,"href":"https:\/\/www.usal.edu.ar\/vrf\/wp-json\/wp\/v2\/comments?post=502"}],"version-history":[{"count":6,"href":"https:\/\/www.usal.edu.ar\/vrf\/wp-json\/wp\/v2\/posts\/502\/revisions"}],"predecessor-version":[{"id":1048,"href":"https:\/\/www.usal.edu.ar\/vrf\/wp-json\/wp\/v2\/posts\/502\/revisions\/1048"}],"wp:attachment":[{"href":"https:\/\/www.usal.edu.ar\/vrf\/wp-json\/wp\/v2\/media?parent=502"}],"wp:term":[{"taxonomy":"category","embeddable":true,"href":"https:\/\/www.usal.edu.ar\/vrf\/wp-json\/wp\/v2\/categories?post=502"},{"taxonomy":"post_tag","embeddable":true,"href":"https:\/\/www.usal.edu.ar\/vrf\/wp-json\/wp\/v2\/tags?post=502"}],"curies":[{"name":"wp","href":"https:\/\/api.w.org\/{rel}","templated":true}]}}