{"id":62,"date":"2025-03-26T15:25:36","date_gmt":"2025-03-26T18:25:36","guid":{"rendered":"https:\/\/www.usal.edu.ar\/vrf\/?p=62"},"modified":"2025-11-25T13:28:50","modified_gmt":"2025-11-25T16:28:50","slug":"comision-algoretica","status":"publish","type":"post","link":"https:\/\/www.usal.edu.ar\/vrf\/comision-algoretica\/","title":{"rendered":"Comisi\u00f3n Algor\u00e9tica"},"content":{"rendered":"\n<figure class=\"wp-block-image aligncenter size-full is-resized\"><img loading=\"lazy\" decoding=\"async\" width=\"492\" height=\"426\" src=\"https:\/\/www.usal.edu.ar\/vrf\/wp-content\/uploads\/sites\/20\/2025\/03\/algoretica-1.png\" alt=\"\" class=\"wp-image-509\" style=\"object-fit:cover;width:301px;height:auto\" srcset=\"https:\/\/www.usal.edu.ar\/vrf\/wp-content\/uploads\/sites\/20\/2025\/03\/algoretica-1.png 492w, https:\/\/www.usal.edu.ar\/vrf\/wp-content\/uploads\/sites\/20\/2025\/03\/algoretica-1-300x260.png 300w\" sizes=\"auto, (max-width: 492px) 100vw, 492px\" \/><\/figure>\n\n\n\n<hr class=\"wp-block-separator has-text-color has-secondary-color has-alpha-channel-opacity has-secondary-background-color has-background is-style-wide\" style=\"margin-top:var(--wp--preset--spacing--30);margin-bottom:var(--wp--preset--spacing--30)\" \/>\n\n\n\n<p style=\"margin-top:var(--wp--preset--spacing--30);margin-right:var(--wp--preset--spacing--30);margin-bottom:var(--wp--preset--spacing--30);margin-left:var(--wp--preset--spacing--30)\"><strong>Llamado de Roma<\/strong>&nbsp;(Call for Artificial Intelligence Ethics)<\/p>\n\n\n\n<p style=\"margin-top:var(--wp--preset--spacing--30);margin-right:var(--wp--preset--spacing--30);margin-bottom:var(--wp--preset--spacing--30);margin-left:var(--wp--preset--spacing--30)\">Promovida por el Vicerrectorado de Formaci\u00f3n se ha constituido la&nbsp;<em>Comisi\u00f3n de Algor\u00e9tica<\/em>&nbsp;en el \u00e1mbito de la Universidad del Salvador. Uno de los objetivos de la Comisi\u00f3n es concretar la adhesi\u00f3n de la USAL al&nbsp;<strong>Llamado de Roma<\/strong>&nbsp;(Call for Artificial Intelligence Ethics \u2013&nbsp;<a href=\"https:\/\/www.romecall.org\/\">https:\/\/www.romecall.org\/<\/a>&nbsp;).<\/p>\n\n\n\n<p style=\"margin-top:var(--wp--preset--spacing--30);margin-right:var(--wp--preset--spacing--30);margin-bottom:var(--wp--preset--spacing--30);margin-left:var(--wp--preset--spacing--30)\">La iniciativa lanzada en 2020 por la Academia Pontificia para la Vida, Microsoft, IBM y la FAO, representa un verdadero llamado a la acci\u00f3n en el que el Papa Francisco, nos convoca a tomar conciencia y realizar el mayor esfuerzo para la determinaci\u00f3n de pautas y principios \u00e9ticos, a aplicar en el desarrollo e implementaci\u00f3n de la Inteligencia Artificial, al servicio de la humanidad.<\/p>\n\n\n\n<p style=\"margin-top:var(--wp--preset--spacing--30);margin-right:var(--wp--preset--spacing--30);margin-bottom:var(--wp--preset--spacing--30);margin-left:var(--wp--preset--spacing--30)\">Desde sus inicios, se han ido agregando al \u201cLlamado de Roma\u201d, diversos organismos, empresas tecnol\u00f3gicas y representantes de diferentes credos y religiones, para promover un enfoque \u00e9tico ante los nuevos algoritmos propios de la innovaci\u00f3n digital.<\/p>\n\n\n\n<p style=\"margin-top:var(--wp--preset--spacing--30);margin-right:var(--wp--preset--spacing--30);margin-bottom:var(--wp--preset--spacing--30);margin-left:var(--wp--preset--spacing--30)\">De ah\u00ed el t\u00e9rmino \u201calgor\u00e9tica\u201d que seg\u00fan el&nbsp;<em>Llamado de Roma<\/em>&nbsp;incluye seis principios que deben enmarcar el desarrollo de la Inteligencia Artificial (IA):<\/p>\n\n\n\n<p style=\"margin-top:var(--wp--preset--spacing--30);margin-right:var(--wp--preset--spacing--30);margin-bottom:var(--wp--preset--spacing--30);margin-left:var(--wp--preset--spacing--30)\"><strong>-Transparencia:<\/strong>&nbsp;los sistemas de IA deben ser comprensibles para todos.<\/p>\n\n\n\n<p style=\"margin-top:var(--wp--preset--spacing--30);margin-right:var(--wp--preset--spacing--30);margin-bottom:var(--wp--preset--spacing--30);margin-left:var(--wp--preset--spacing--30)\"><strong>-Inclusi\u00f3n:<\/strong>&nbsp;estos sistemas no deben discriminar a nadie porque todo ser humano tiene la misma dignidad.<\/p>\n\n\n\n<p style=\"margin-top:var(--wp--preset--spacing--30);margin-right:var(--wp--preset--spacing--30);margin-bottom:var(--wp--preset--spacing--30);margin-left:var(--wp--preset--spacing--30)\"><strong>-Responsabilidad:<\/strong>&nbsp;siempre debe haber alguien que se responsabilice de lo que hace una m\u00e1quina.<\/p>\n\n\n\n<p style=\"margin-top:var(--wp--preset--spacing--30);margin-right:var(--wp--preset--spacing--30);margin-bottom:var(--wp--preset--spacing--30);margin-left:var(--wp--preset--spacing--30)\"><strong>-Imparcialidad:<\/strong>&nbsp;los sistemas de IA no deben seguir ni crear sesgos.<\/p>\n\n\n\n<p style=\"margin-top:var(--wp--preset--spacing--30);margin-right:var(--wp--preset--spacing--30);margin-bottom:var(--wp--preset--spacing--30);margin-left:var(--wp--preset--spacing--30)\"><strong>-Fiabilidad:&nbsp;<\/strong>la IA debe ser confiable.<\/p>\n\n\n\n<p style=\"margin-top:var(--wp--preset--spacing--30);margin-right:var(--wp--preset--spacing--30);margin-bottom:var(--wp--preset--spacing--30);margin-left:var(--wp--preset--spacing--30)\"><strong>-Seguridad y Privacidad:<\/strong>&nbsp;estos sistemas deben ser seguros y respetar la privacidad de los usuarios<\/p>\n\n\n\n<p style=\"margin-top:var(--wp--preset--spacing--30);margin-right:var(--wp--preset--spacing--30);margin-bottom:var(--wp--preset--spacing--30);margin-left:var(--wp--preset--spacing--30)\">Teniendo en cuenta todo ello la&nbsp;<em>Comisi\u00f3n de Algor\u00e9tica<\/em>&nbsp;de la USAL, que tiene una composici\u00f3n multidisciplinar proveniente de las diferentes unidades acad\u00e9micas, se propone coordinar actividades referidas a la innovaci\u00f3n tecnol\u00f3gica y la \u00e9tica, buscando promover iniciativas entre docentes, alumnos e investigadores e invitar a todos los interesados de la comunidad USAL, a participar, sumarse y acercar propuestas, con el fin de crear conciencia de las oportunidades y los retos planteados desde una perspectiva de solidaridad, equidad y respeto individual.<\/p>\n\n\n\n<hr class=\"wp-block-separator has-text-color has-vivid-green-cyan-color has-alpha-channel-opacity has-vivid-green-cyan-background-color has-background is-style-wide\" style=\"margin-top:var(--wp--preset--spacing--30);margin-bottom:var(--wp--preset--spacing--30)\" \/>\n\n\n\n<p><strong>Comisi\u00f3n Algor\u00e9tica USAL<\/strong><\/p>\n\n\n\n<ol class=\"wp-block-list\">\n<li><strong><a href=\"https:\/\/www.romecall.org\/\" target=\"_blank\" rel=\"noreferrer noopener\">La llamada de Roma (Sitio oficial del Vaticano)<\/a><\/strong><\/li>\n\n\n\n<li><strong><a href=\"https:\/\/padlet.com\/fliaudat1\/ticaia-usal-75abc9bd1qlezyqh\" target=\"_blank\" rel=\"noreferrer noopener\">Repositorio de trabajos y actividades<\/a><\/strong><\/li>\n\n\n\n<li><strong><a href=\"https:\/\/www.usal.edu.ar\/vrf\/actas-de-la-comision-de-algoretica\/\" target=\"_blank\" rel=\"noreferrer noopener\">Actas de las reuniones de la Comisi\u00f3n USAL-ALGORETICA<\/a><\/strong><\/li>\n<\/ol>\n\n\n\n<div class=\"wp-block-media-text is-stacked-on-mobile\"><figure class=\"wp-block-media-text__media\"><\/figure><div class=\"wp-block-media-text__content\">\n<p><\/p>\n<\/div><\/div>\n\n\n\n<div class=\"wp-block-media-text is-stacked-on-mobile\"><figure class=\"wp-block-media-text__media\"><\/figure><div class=\"wp-block-media-text__content\">\n<p><\/p>\n<\/div><\/div>\n","protected":false},"excerpt":{"rendered":"<p>Llamado de Roma&nbsp;(Call for Artificial Intelligence Ethics) Promovida por el Vicerrectorado de Formaci\u00f3n se ha constituido la&nbsp;Comisi\u00f3n de Algor\u00e9tica&nbsp;en el \u00e1mbito de la Universidad del Salvador. Uno de los objetivos de la Comisi\u00f3n es concretar la adhesi\u00f3n de la USAL al&nbsp;Llamado de Roma&nbsp;(Call for Artificial Intelligence Ethics \u2013&nbsp;https:\/\/www.romecall.org\/&nbsp;). La iniciativa lanzada en 2020 por la [&hellip;]<\/p>\n","protected":false},"author":5,"featured_media":107,"comment_status":"closed","ping_status":"closed","sticky":false,"template":"","format":"standard","meta":{"_acf_changed":false,"footnotes":""},"categories":[8],"tags":[],"class_list":["post-62","post","type-post","status-publish","format-standard","has-post-thumbnail","hentry","category-tarea-2"],"acf":[],"_links":{"self":[{"href":"https:\/\/www.usal.edu.ar\/vrf\/wp-json\/wp\/v2\/posts\/62","targetHints":{"allow":["GET"]}}],"collection":[{"href":"https:\/\/www.usal.edu.ar\/vrf\/wp-json\/wp\/v2\/posts"}],"about":[{"href":"https:\/\/www.usal.edu.ar\/vrf\/wp-json\/wp\/v2\/types\/post"}],"author":[{"embeddable":true,"href":"https:\/\/www.usal.edu.ar\/vrf\/wp-json\/wp\/v2\/users\/5"}],"replies":[{"embeddable":true,"href":"https:\/\/www.usal.edu.ar\/vrf\/wp-json\/wp\/v2\/comments?post=62"}],"version-history":[{"count":19,"href":"https:\/\/www.usal.edu.ar\/vrf\/wp-json\/wp\/v2\/posts\/62\/revisions"}],"predecessor-version":[{"id":774,"href":"https:\/\/www.usal.edu.ar\/vrf\/wp-json\/wp\/v2\/posts\/62\/revisions\/774"}],"wp:featuredmedia":[{"embeddable":true,"href":"https:\/\/www.usal.edu.ar\/vrf\/wp-json\/wp\/v2\/media\/107"}],"wp:attachment":[{"href":"https:\/\/www.usal.edu.ar\/vrf\/wp-json\/wp\/v2\/media?parent=62"}],"wp:term":[{"taxonomy":"category","embeddable":true,"href":"https:\/\/www.usal.edu.ar\/vrf\/wp-json\/wp\/v2\/categories?post=62"},{"taxonomy":"post_tag","embeddable":true,"href":"https:\/\/www.usal.edu.ar\/vrf\/wp-json\/wp\/v2\/tags?post=62"}],"curies":[{"name":"wp","href":"https:\/\/api.w.org\/{rel}","templated":true}]}}