{"id":664,"date":"2025-09-25T16:36:05","date_gmt":"2025-09-25T19:36:05","guid":{"rendered":"https:\/\/www.usal.edu.ar\/vrf\/?p=664"},"modified":"2026-04-22T15:14:09","modified_gmt":"2026-04-22T18:14:09","slug":"proximas-actividad","status":"publish","type":"post","link":"https:\/\/www.usal.edu.ar\/vrf\/proximas-actividad\/","title":{"rendered":"Pr\u00f3ximas actividades"},"content":{"rendered":"\n<hr class=\"wp-block-separator has-alpha-channel-opacity\" \/>\n\n\n\n<div class=\"wp-block-group alignfull is-vertical is-layout-flex wp-container-core-group-is-layout-5615a82a wp-block-group-is-layout-flex has-background\" style=\"border-width:3px;border-radius:0px;min-height:0px;margin-top:0;margin-bottom:0;padding-top:0vw;padding-right:0vw;padding-bottom:0vw;padding-left:0vw;background-image:url(&apos;https:\/\/www.usal.edu.ar\/vrf\/wp-content\/uploads\/sites\/20\/2025\/09\/fondolujan21.jpg&apos;);background-position:74% 32%;background-repeat:repeat;background-size:contain;background-attachment:fixed;\">\n<div class=\"wp-block-media-text is-stacked-on-mobile\" style=\"grid-template-columns:58% auto\"><figure class=\"wp-block-media-text__media\"><img loading=\"lazy\" decoding=\"async\" width=\"819\" height=\"1024\" src=\"https:\/\/www.usal.edu.ar\/vrf\/wp-content\/uploads\/sites\/20\/2025\/09\/Punto-819x1024.jpeg\" alt=\"\" class=\"wp-image-1220 size-full\" srcset=\"https:\/\/www.usal.edu.ar\/vrf\/wp-content\/uploads\/sites\/20\/2025\/09\/Punto-819x1024.jpeg 819w, https:\/\/www.usal.edu.ar\/vrf\/wp-content\/uploads\/sites\/20\/2025\/09\/Punto-240x300.jpeg 240w, https:\/\/www.usal.edu.ar\/vrf\/wp-content\/uploads\/sites\/20\/2025\/09\/Punto-768x960.jpeg 768w, https:\/\/www.usal.edu.ar\/vrf\/wp-content\/uploads\/sites\/20\/2025\/09\/Punto.jpeg 1080w\" sizes=\"auto, (max-width: 819px) 100vw, 819px\" \/><\/figure><div class=\"wp-block-media-text__content\">\n<p><strong>Tenemos el agrado de invitarlos al pre-estreno de \u201cEl Punto\u201d, documental sobre el Padre Ismael Quiles SJ, dirigida por Mart\u00edn Serra, que se realizar\u00e1 el 27 de abril a las 18 h en el sal\u00f3n San Ignacio de Loyola, Tucum\u00e1n 1845.<br>Por razones de organizaci\u00f3n le agradeceremos confirme su asistencia en el siguiente formulario https:\/\/forms.gle\/UE2Pbu1HMTwv55Dp6<\/strong><\/p>\n\n\n\n<hr class=\"wp-block-separator has-alpha-channel-opacity\" \/>\n\n\n\n<p><\/p>\n<\/div><\/div>\n\n\n\n<hr class=\"wp-block-separator has-alpha-channel-opacity\" \/>\n\n\n\n<hr class=\"wp-block-separator has-alpha-channel-opacity is-style-wide\" style=\"margin-top:var(--wp--preset--spacing--30);margin-bottom:var(--wp--preset--spacing--30)\" \/>\n\n\n\n<hr class=\"wp-block-separator has-alpha-channel-opacity is-style-wide\" style=\"margin-top:var(--wp--preset--spacing--40);margin-bottom:var(--wp--preset--spacing--40)\" \/>\n\n\n\n<div class=\"wp-block-media-text is-stacked-on-mobile\" style=\"grid-template-columns:58% auto\"><figure class=\"wp-block-media-text__media\"><img loading=\"lazy\" decoding=\"async\" width=\"819\" height=\"1024\" src=\"https:\/\/www.usal.edu.ar\/vrf\/wp-content\/uploads\/sites\/20\/2025\/09\/francisco-1-819x1024.jpeg\" alt=\"\" class=\"wp-image-1218 size-full\" srcset=\"https:\/\/www.usal.edu.ar\/vrf\/wp-content\/uploads\/sites\/20\/2025\/09\/francisco-1-819x1024.jpeg 819w, https:\/\/www.usal.edu.ar\/vrf\/wp-content\/uploads\/sites\/20\/2025\/09\/francisco-1-240x300.jpeg 240w, https:\/\/www.usal.edu.ar\/vrf\/wp-content\/uploads\/sites\/20\/2025\/09\/francisco-1-768x960.jpeg 768w, https:\/\/www.usal.edu.ar\/vrf\/wp-content\/uploads\/sites\/20\/2025\/09\/francisco-1.jpeg 1080w\" sizes=\"auto, (max-width: 819px) 100vw, 819px\" \/><\/figure><div class=\"wp-block-media-text__content\">\n<p><strong>Webinar \u201cEl legado de Francisco a las Universidades\u201d<\/strong><\/p>\n\n\n\n<p>En este encuentro propone una reflexi\u00f3n sobre el legado del Papa Francisco en el \u00e1mbito universitario, destacando su llamado a una formaci\u00f3n integral que articule saber, fe y compromiso social. A partir de su magisterio se abordar\u00e1n los desaf\u00edos que enfrentan hoy las universidades en la construcci\u00f3n del bien com\u00fan. Asimismo, se ofrecer\u00e1n claves para pensar la misi\u00f3n educativa en di\u00e1logo con el contexto contempor\u00e1neo, promoviendo una universidad que forme personas con \u201cciencia a la mente y virtud al coraz\u00f3n\u201d, abiertas al servicio, la justicia y la esperanza.<\/p>\n\n\n\n<p class=\"has-small-font-size\">Mi\u00e9rcoles 29 de abril, 18hs<br>ZOOM<br>Informes: formacion@usal.edu.ar<br>Inscripci\u00f3n: <a href=\"https:\/\/forms.gle\/NGktnTHkgEmWv39fA\"><strong>https:\/\/forms.gle\/NGktnTHkgEmWv39fA<\/strong><\/a><\/p>\n\n\n\n<p><\/p>\n<\/div><\/div>\n\n\n\n<hr class=\"wp-block-separator has-alpha-channel-opacity is-style-wide\" style=\"margin-top:var(--wp--preset--spacing--30);margin-bottom:var(--wp--preset--spacing--30)\" \/>\n\n\n\n<div class=\"wp-block-media-text is-stacked-on-mobile\" style=\"grid-template-columns:58% auto\"><figure class=\"wp-block-media-text__media\"><img loading=\"lazy\" decoding=\"async\" width=\"819\" height=\"1024\" src=\"https:\/\/www.usal.edu.ar\/vrf\/wp-content\/uploads\/sites\/20\/2025\/09\/misa-70-819x1024.jpg\" alt=\"\" class=\"wp-image-1227 size-full\" srcset=\"https:\/\/www.usal.edu.ar\/vrf\/wp-content\/uploads\/sites\/20\/2025\/09\/misa-70-819x1024.jpg 819w, https:\/\/www.usal.edu.ar\/vrf\/wp-content\/uploads\/sites\/20\/2025\/09\/misa-70-240x300.jpg 240w, https:\/\/www.usal.edu.ar\/vrf\/wp-content\/uploads\/sites\/20\/2025\/09\/misa-70-768x960.jpg 768w, https:\/\/www.usal.edu.ar\/vrf\/wp-content\/uploads\/sites\/20\/2025\/09\/misa-70.jpg 1080w\" sizes=\"auto, (max-width: 819px) 100vw, 819px\" \/><\/figure><div class=\"wp-block-media-text__content\">\n<p><\/p>\n\n\n\n<p class=\"has-tertiary-background-color has-background has-medium-font-size\"><strong>Con motivo de la Conmemoraci\u00f3n del 70\u00ba Aniversario de la Universidad del Salvador&nbsp;realizaremos el<em>&nbsp;martes 5 de mayo a las 9.30 h en la Iglesia del Salvador,&nbsp;Av. Callao 580.<\/em> Los esperamos.<\/strong><\/p>\n<\/div><\/div>\n\n\n\n<div class=\"wp-block-media-text is-stacked-on-mobile\" style=\"margin-top:var(--wp--preset--spacing--30);margin-bottom:var(--wp--preset--spacing--30);grid-template-columns:59% auto\"><figure class=\"wp-block-media-text__media\"><img loading=\"lazy\" decoding=\"async\" width=\"819\" height=\"1024\" src=\"https:\/\/www.usal.edu.ar\/vrf\/wp-content\/uploads\/sites\/20\/2025\/09\/Congreso-LaudatoSi-1-819x1024.jpg\" alt=\"\" class=\"wp-image-1080 size-full\" srcset=\"https:\/\/www.usal.edu.ar\/vrf\/wp-content\/uploads\/sites\/20\/2025\/09\/Congreso-LaudatoSi-1-819x1024.jpg 819w, https:\/\/www.usal.edu.ar\/vrf\/wp-content\/uploads\/sites\/20\/2025\/09\/Congreso-LaudatoSi-1-240x300.jpg 240w, https:\/\/www.usal.edu.ar\/vrf\/wp-content\/uploads\/sites\/20\/2025\/09\/Congreso-LaudatoSi-1-768x960.jpg 768w, https:\/\/www.usal.edu.ar\/vrf\/wp-content\/uploads\/sites\/20\/2025\/09\/Congreso-LaudatoSi-1.jpg 1080w\" sizes=\"auto, (max-width: 819px) 100vw, 819px\" \/><\/figure><div class=\"wp-block-media-text__content\">\n<p class=\"has-contrast-color has-text-color has-link-color has-x-small-font-size wp-elements-f450aaa8c81ea74826fe79eb4d0a7067\"><strong>La Universidad del Salvador (USAL) invita a participar del \u201cCongreso Internacional de Estudiantes Laudato Si\u2019: J\u00f3venes en di\u00e1logo y acci\u00f3n por la Casa Com\u00fan\u201d, que se realizar\u00e1 los d\u00edas 22 y 23 de octubre de 2026.<\/strong><\/p>\n\n\n\n<p class=\"has-contrast-color has-text-color has-link-color has-x-small-font-size wp-elements-78b8f5b197bb189de362467bed30b480\"><strong>Durante dos jornadas, estudiantes y docentes reflexionar\u00e1n sobre ecolog\u00eda integral, educaci\u00f3n universitaria, justicia social y compromiso ciudadano, con conferencias, talleres y paneles. El encuentro culminar\u00e1 con la elaboraci\u00f3n participativa de la Declaraci\u00f3n Final de Estudiantes Laudato Si\u2019, un documento colectivo en favor del cuidado de nuestra casa com\u00fan.<\/strong><\/p>\n\n\n\n<p class=\"has-primary-color has-luminous-vivid-amber-background-color has-text-color has-background has-link-color has-x-small-font-size wp-elements-2e967470fd1f39abd09b017c883b38cb\"><strong>Consultas: catedralaudatosi@usal.edu.ar<\/strong><\/p>\n<\/div><\/div>\n\n\n\n<hr class=\"wp-block-separator has-alpha-channel-opacity is-style-wide\" style=\"margin-top:var(--wp--preset--spacing--40);margin-bottom:var(--wp--preset--spacing--40)\" \/>\n\n\n\n<hr class=\"wp-block-separator has-text-color has-special-color has-alpha-channel-opacity has-special-background-color has-background is-style-wide\" style=\"margin-top:var(--wp--preset--spacing--30);margin-bottom:var(--wp--preset--spacing--30)\" \/>\n\n\n\n<div class=\"wp-block-media-text is-stacked-on-mobile\" style=\"margin-top:0;margin-bottom:0;grid-template-columns:58% auto\"><figure class=\"wp-block-media-text__media\"><img loading=\"lazy\" decoding=\"async\" width=\"819\" height=\"1024\" src=\"https:\/\/www.usal.edu.ar\/vrf\/wp-content\/uploads\/sites\/20\/2025\/05\/catequesis2026-819x1024.jpg\" alt=\"\" class=\"wp-image-1118 size-full\" srcset=\"https:\/\/www.usal.edu.ar\/vrf\/wp-content\/uploads\/sites\/20\/2025\/05\/catequesis2026-819x1024.jpg 819w, https:\/\/www.usal.edu.ar\/vrf\/wp-content\/uploads\/sites\/20\/2025\/05\/catequesis2026-240x300.jpg 240w, https:\/\/www.usal.edu.ar\/vrf\/wp-content\/uploads\/sites\/20\/2025\/05\/catequesis2026-768x960.jpg 768w, https:\/\/www.usal.edu.ar\/vrf\/wp-content\/uploads\/sites\/20\/2025\/05\/catequesis2026.jpg 1080w\" sizes=\"auto, (max-width: 819px) 100vw, 819px\" \/><\/figure><div class=\"wp-block-media-text__content\">\n<p class=\"has-tertiary-background-color has-background\"><strong>Te invitamos a recibir los&nbsp;Sacramentos, estamos organizando las reuniones informativas, si est\u00e1s interesado&nbsp;registrate&nbsp;<a href=\"https:\/\/tinyurl.com\/sacramentosusal\" target=\"_blank\" rel=\"noreferrer noopener\">hacieno click ac\u00e1<\/a>&nbsp;<br>Nos pondremos en contacto con vos. Te esperamos a vos, familiares y amigos que quieran recibirlos.<\/strong><\/p>\n<\/div><\/div>\n\n\n\n<hr class=\"wp-block-separator has-alpha-channel-opacity is-style-wide\" style=\"margin-top:var(--wp--preset--spacing--40);margin-bottom:var(--wp--preset--spacing--40)\" \/>\n<\/div>\n\n\n\n<hr class=\"wp-block-separator has-alpha-channel-opacity\" \/>\n\n\n\n<div style=\"height:15px;width:0px\" aria-hidden=\"true\" class=\"wp-block-spacer\"><\/div>\n\n\n\n<p><\/p>\n","protected":false},"excerpt":{"rendered":"<p>Tenemos el agrado de invitarlos al pre-estreno de \u201cEl Punto\u201d, documental sobre el Padre Ismael Quiles SJ, dirigida por Mart\u00edn Serra, que se realizar\u00e1 el 27 de abril a las 18 h en el sal\u00f3n San Ignacio de Loyola, Tucum\u00e1n 1845.Por razones de organizaci\u00f3n le agradeceremos confirme su asistencia en el siguiente formulario https:\/\/forms.gle\/UE2Pbu1HMTwv55Dp6 Webinar [&hellip;]<\/p>\n","protected":false},"author":54,"featured_media":684,"comment_status":"closed","ping_status":"closed","sticky":false,"template":"","format":"standard","meta":{"_acf_changed":false,"footnotes":""},"categories":[6,1],"tags":[],"class_list":["post-664","post","type-post","status-publish","format-standard","has-post-thumbnail","hentry","category-novedades","category-tarea"],"acf":[],"_links":{"self":[{"href":"https:\/\/www.usal.edu.ar\/vrf\/wp-json\/wp\/v2\/posts\/664","targetHints":{"allow":["GET"]}}],"collection":[{"href":"https:\/\/www.usal.edu.ar\/vrf\/wp-json\/wp\/v2\/posts"}],"about":[{"href":"https:\/\/www.usal.edu.ar\/vrf\/wp-json\/wp\/v2\/types\/post"}],"author":[{"embeddable":true,"href":"https:\/\/www.usal.edu.ar\/vrf\/wp-json\/wp\/v2\/users\/54"}],"replies":[{"embeddable":true,"href":"https:\/\/www.usal.edu.ar\/vrf\/wp-json\/wp\/v2\/comments?post=664"}],"version-history":[{"count":36,"href":"https:\/\/www.usal.edu.ar\/vrf\/wp-json\/wp\/v2\/posts\/664\/revisions"}],"predecessor-version":[{"id":1232,"href":"https:\/\/www.usal.edu.ar\/vrf\/wp-json\/wp\/v2\/posts\/664\/revisions\/1232"}],"wp:featuredmedia":[{"embeddable":true,"href":"https:\/\/www.usal.edu.ar\/vrf\/wp-json\/wp\/v2\/media\/684"}],"wp:attachment":[{"href":"https:\/\/www.usal.edu.ar\/vrf\/wp-json\/wp\/v2\/media?parent=664"}],"wp:term":[{"taxonomy":"category","embeddable":true,"href":"https:\/\/www.usal.edu.ar\/vrf\/wp-json\/wp\/v2\/categories?post=664"},{"taxonomy":"post_tag","embeddable":true,"href":"https:\/\/www.usal.edu.ar\/vrf\/wp-json\/wp\/v2\/tags?post=664"}],"curies":[{"name":"wp","href":"https:\/\/api.w.org\/{rel}","templated":true}]}}