{"id":721,"date":"2025-10-01T16:13:50","date_gmt":"2025-10-01T19:13:50","guid":{"rendered":"https:\/\/www.usal.edu.ar\/vrf\/?p=721"},"modified":"2025-12-03T15:58:18","modified_gmt":"2025-12-03T18:58:18","slug":"seminarios-permanentes-y-catedras","status":"publish","type":"post","link":"https:\/\/www.usal.edu.ar\/vrf\/seminarios-permanentes-y-catedras\/","title":{"rendered":"Seminarios permanentes"},"content":{"rendered":"\n<h5 class=\"wp-block-heading\"><\/h5>\n\n\n\n<hr class=\"wp-block-separator has-text-color has-secondary-color has-alpha-channel-opacity has-secondary-background-color has-background is-style-wide\" style=\"margin-top:var(--wp--preset--spacing--30);margin-bottom:var(--wp--preset--spacing--30)\" \/>\n\n\n\n<div class=\"wp-block-media-text is-stacked-on-mobile\" style=\"padding-top:var(--wp--preset--spacing--30);padding-bottom:var(--wp--preset--spacing--30);grid-template-columns:35% auto\"><figure class=\"wp-block-media-text__media\"><img loading=\"lazy\" decoding=\"async\" width=\"978\" height=\"704\" src=\"https:\/\/www.usal.edu.ar\/vrf\/wp-content\/uploads\/sites\/20\/2025\/10\/seminarioperign1.jpg\" alt=\"\" class=\"wp-image-938 size-full\" srcset=\"https:\/\/www.usal.edu.ar\/vrf\/wp-content\/uploads\/sites\/20\/2025\/10\/seminarioperign1.jpg 978w, https:\/\/www.usal.edu.ar\/vrf\/wp-content\/uploads\/sites\/20\/2025\/10\/seminarioperign1-300x216.jpg 300w, https:\/\/www.usal.edu.ar\/vrf\/wp-content\/uploads\/sites\/20\/2025\/10\/seminarioperign1-768x553.jpg 768w\" sizes=\"auto, (max-width: 978px) 100vw, 978px\" \/><\/figure><div class=\"wp-block-media-text__content\">\n<p><strong>Seminario Permanente en Pedagog\u00eda Ignaciana<\/strong> &#8211;<a href=\"https:\/\/www.usal.edu.ar\/vrf\/wp-content\/uploads\/sites\/20\/2025\/12\/RV-Seminario-Pedagogia-Ignaciana.pdf\"> RVR 1\/2021<\/a><\/p>\n\n\n\n<p class=\"has-x-small-font-size\">Ofrecer un espacio de encuentro y reflexi\u00f3n a fin de profundizar el aporte desde la Pedagog\u00eda Ignaciana al fortalecimiento de la identidad, la visi\u00f3n y la misi\u00f3n de la USAL. Compendiar los<br>contenidos, valores y actitudes que la Pedagog\u00eda Ignaciana posee y que pueden inspirar en la USAL la formulaci\u00f3n de pr\u00e1cticas de ense\u00f1anza-aprendizaje, planes de estudio, l\u00edneas de investigaci\u00f3n y proyecci\u00f3n en la sociedad. Proponer e inspirar actividades seg\u00fan el Paradigma Pedag\u00f3gico Ignaciano que contribuyan al conocimiento y transformaci\u00f3n de la realidad, personal, profesional, y social de los estudiantes y docentes.<\/p>\n<\/div><\/div>\n\n\n\n<div class=\"wp-block-media-text is-stacked-on-mobile\" style=\"padding-top:0;padding-bottom:0;grid-template-columns:35% auto\"><figure class=\"wp-block-media-text__media\"><img loading=\"lazy\" decoding=\"async\" width=\"465\" height=\"337\" src=\"https:\/\/www.usal.edu.ar\/vrf\/wp-content\/uploads\/sites\/20\/2025\/10\/Seminario-permanente-Deliberaciones-sobre-el-cuidado-de-la-vida2.jpg\" alt=\"\" class=\"wp-image-940 size-full\" srcset=\"https:\/\/www.usal.edu.ar\/vrf\/wp-content\/uploads\/sites\/20\/2025\/10\/Seminario-permanente-Deliberaciones-sobre-el-cuidado-de-la-vida2.jpg 465w, https:\/\/www.usal.edu.ar\/vrf\/wp-content\/uploads\/sites\/20\/2025\/10\/Seminario-permanente-Deliberaciones-sobre-el-cuidado-de-la-vida2-300x217.jpg 300w\" sizes=\"auto, (max-width: 465px) 100vw, 465px\" \/><\/figure><div class=\"wp-block-media-text__content\">\n<p><strong>Seminario Permanente Deliberaciones sobre el cuidado de la vida<\/strong> &#8211; <a href=\"https:\/\/www.usal.edu.ar\/vrf\/wp-content\/uploads\/sites\/20\/2025\/12\/R.VRF-.-No-1-23-DELIBERACIONES-SOBRE-EL-CUIDADO-DE-LA-VIDA-1.pdf\">RVR 1\/2023<\/a><\/p>\n\n\n\n<p class=\"has-x-small-font-size\"><em>Los objetivos principales del Seminario permanente<br>\u201cDeliberaciones sobre el cuidado de la Vida\u201d son:<\/em><br><strong>a. <\/strong>Conformar un espacio regular y permanente de profundizaci\u00f3n en la tem\u00e1tica del cuidado de la vida.<br><strong>b. <\/strong>Fomentar la participaci\u00f3n y el inter\u00e9s por los temas relativos al cuidado de la vida en la comunidad educativa universitaria.<br><strong>c.<\/strong> Revalorizar el magisterio pontificio desde la mirada integral del cuidado la vida como un interlocutor v\u00e1lido en las disciplinas acad\u00e9micas y cient\u00edficas.<br><strong>d. <\/strong>Dotar de material acad\u00e9mico en formatos audiovisual y escrito a la Universidad, fruto de la reflexi\u00f3n del Seminario.<\/p>\n<\/div><\/div>\n\n\n\n<div class=\"wp-block-media-text is-stacked-on-mobile\" style=\"padding-top:var(--wp--preset--spacing--30);padding-bottom:var(--wp--preset--spacing--30);grid-template-columns:35% auto\"><figure class=\"wp-block-media-text__media\"><img loading=\"lazy\" decoding=\"async\" width=\"582\" height=\"360\" src=\"https:\/\/www.usal.edu.ar\/vrf\/wp-content\/uploads\/sites\/20\/2025\/10\/sempermmagisteriofran1.jpg\" alt=\"\" class=\"wp-image-941 size-full\" srcset=\"https:\/\/www.usal.edu.ar\/vrf\/wp-content\/uploads\/sites\/20\/2025\/10\/sempermmagisteriofran1.jpg 582w, https:\/\/www.usal.edu.ar\/vrf\/wp-content\/uploads\/sites\/20\/2025\/10\/sempermmagisteriofran1-300x186.jpg 300w\" sizes=\"auto, (max-width: 582px) 100vw, 582px\" \/><\/figure><div class=\"wp-block-media-text__content\">\n<p><strong>Seminario Permanente en el Magisterio del Papa Francisco<\/strong> <a href=\"https:\/\/www.usal.edu.ar\/vrf\/wp-content\/uploads\/sites\/20\/2025\/12\/1-22RVR-Seminario-Permanente-Magisterio-Francisco-No-1-22-2.pdf\">&#8211; RVR 1\/2022<\/a><\/p>\n\n\n\n<p class=\"has-x-small-font-size\"><em>Los objetivos principales del \u201cSeminario permanente<br>Magisterio de Francisco\u201d son:<\/em><br><strong>a. <\/strong>Conformar un espacio regular y permanente de profundizaci\u00f3n en el Magisterio del Papa Francisco;<br><strong>b. <\/strong>Fomentar el inter\u00e9s por sus ense\u00f1anzas y promover su aplicaci\u00f3n en la comunidad educativa universitaria;<br><strong>c. <\/strong>Revalorizar el magisterio pontificio como un interlocutor v\u00e1lido en las disciplinas acad\u00e9micas y cient\u00edficas.<br><strong>d.<\/strong> Dotar de material acad\u00e9mico en formatos audiovisual y escrito a la Universidad, fruto de la reflexi\u00f3n del Seminario.<\/p>\n<\/div><\/div>\n\n\n\n<p><\/p>\n\n\n\n<p><\/p>\n","protected":false},"excerpt":{"rendered":"<p>Seminario Permanente en Pedagog\u00eda Ignaciana &#8211; RVR 1\/2021 Ofrecer un espacio de encuentro y reflexi\u00f3n a fin de profundizar el aporte desde la Pedagog\u00eda Ignaciana al fortalecimiento de la identidad, la visi\u00f3n y la misi\u00f3n de la USAL. Compendiar loscontenidos, valores y actitudes que la Pedagog\u00eda Ignaciana posee y que pueden inspirar en la USAL [&hellip;]<\/p>\n","protected":false},"author":54,"featured_media":432,"comment_status":"closed","ping_status":"closed","sticky":false,"template":"","format":"standard","meta":{"_acf_changed":false,"footnotes":""},"categories":[1],"tags":[],"class_list":["post-721","post","type-post","status-publish","format-standard","has-post-thumbnail","hentry","category-tarea"],"acf":[],"_links":{"self":[{"href":"https:\/\/www.usal.edu.ar\/vrf\/wp-json\/wp\/v2\/posts\/721","targetHints":{"allow":["GET"]}}],"collection":[{"href":"https:\/\/www.usal.edu.ar\/vrf\/wp-json\/wp\/v2\/posts"}],"about":[{"href":"https:\/\/www.usal.edu.ar\/vrf\/wp-json\/wp\/v2\/types\/post"}],"author":[{"embeddable":true,"href":"https:\/\/www.usal.edu.ar\/vrf\/wp-json\/wp\/v2\/users\/54"}],"replies":[{"embeddable":true,"href":"https:\/\/www.usal.edu.ar\/vrf\/wp-json\/wp\/v2\/comments?post=721"}],"version-history":[{"count":11,"href":"https:\/\/www.usal.edu.ar\/vrf\/wp-json\/wp\/v2\/posts\/721\/revisions"}],"predecessor-version":[{"id":1036,"href":"https:\/\/www.usal.edu.ar\/vrf\/wp-json\/wp\/v2\/posts\/721\/revisions\/1036"}],"wp:featuredmedia":[{"embeddable":true,"href":"https:\/\/www.usal.edu.ar\/vrf\/wp-json\/wp\/v2\/media\/432"}],"wp:attachment":[{"href":"https:\/\/www.usal.edu.ar\/vrf\/wp-json\/wp\/v2\/media?parent=721"}],"wp:term":[{"taxonomy":"category","embeddable":true,"href":"https:\/\/www.usal.edu.ar\/vrf\/wp-json\/wp\/v2\/categories?post=721"},{"taxonomy":"post_tag","embeddable":true,"href":"https:\/\/www.usal.edu.ar\/vrf\/wp-json\/wp\/v2\/tags?post=721"}],"curies":[{"name":"wp","href":"https:\/\/api.w.org\/{rel}","templated":true}]}}