{"id":747,"date":"2025-10-06T17:17:25","date_gmt":"2025-10-06T20:17:25","guid":{"rendered":"https:\/\/www.usal.edu.ar\/vrf\/?p=747"},"modified":"2026-03-20T00:10:22","modified_gmt":"2026-03-20T03:10:22","slug":"catedra-itinerante-laudato-si","status":"publish","type":"post","link":"https:\/\/www.usal.edu.ar\/vrf\/catedra-itinerante-laudato-si\/","title":{"rendered":"C\u00e1tedra itinerante Laudato S\u00ec"},"content":{"rendered":"\n<div class=\"wp-block-media-text is-stacked-on-mobile\" style=\"grid-template-columns:51% auto\"><figure class=\"wp-block-media-text__media\"><img loading=\"lazy\" decoding=\"async\" width=\"671\" height=\"446\" src=\"https:\/\/www.usal.edu.ar\/vrf\/wp-content\/uploads\/sites\/20\/2025\/10\/saludo-papal.jpg\" alt=\"\" class=\"wp-image-748 size-full\" srcset=\"https:\/\/www.usal.edu.ar\/vrf\/wp-content\/uploads\/sites\/20\/2025\/10\/saludo-papal.jpg 671w, https:\/\/www.usal.edu.ar\/vrf\/wp-content\/uploads\/sites\/20\/2025\/10\/saludo-papal-300x199.jpg 300w\" sizes=\"auto, (max-width: 671px) 100vw, 671px\" \/><\/figure><div class=\"wp-block-media-text__content\">\n<p class=\"has-small-font-size\">La C\u00e1tedra tiene como objetivo ofrecer un espacio de encuentro y reflexi\u00f3n a fin de profundizar el conocimiento del pensamiento de Su Santidad Francisco, difundirlo, conjuntamente con su obra, fomentar el estudio y la investigaci\u00f3n del mismo, en el \u00e1mbito de las unidades acad\u00e9micas y colaborar y apoyar posibles iniciativas similares en el \u00e1mbito universitario.<\/p>\n\n\n\n<p class=\"has-small-font-size\"><\/p>\n<\/div><\/div>\n\n\n\n<p class=\"has-x-small-font-size\"><strong>C\u00e1tedra itinierante Laudato S\u00ec<\/strong> &#8211; <a href=\"https:\/\/www.usal.edu.ar\/vrf\/wp-content\/uploads\/sites\/20\/2025\/12\/RV-Laudato-Si-con-firmas.-VRF.pdf\">Resoluci\u00f3n del VRF  1\/2020<\/a><\/p>\n\n\n\n<p><\/p>\n\n\n\n<hr class=\"wp-block-separator has-alpha-channel-opacity is-style-wide\" style=\"margin-top:var(--wp--preset--spacing--30);margin-bottom:var(--wp--preset--spacing--30)\" \/>\n\n\n\n<p><\/p>\n\n\n\n<div class=\"wp-block-media-text is-stacked-on-mobile\" style=\"grid-template-columns:59% auto\"><figure class=\"wp-block-media-text__media\"><img loading=\"lazy\" decoding=\"async\" width=\"819\" height=\"1024\" src=\"https:\/\/www.usal.edu.ar\/vrf\/wp-content\/uploads\/sites\/20\/2025\/09\/Congreso-LaudatoSi-1-819x1024.jpg\" alt=\"\" class=\"wp-image-1080 size-full\" srcset=\"https:\/\/www.usal.edu.ar\/vrf\/wp-content\/uploads\/sites\/20\/2025\/09\/Congreso-LaudatoSi-1-819x1024.jpg 819w, https:\/\/www.usal.edu.ar\/vrf\/wp-content\/uploads\/sites\/20\/2025\/09\/Congreso-LaudatoSi-1-240x300.jpg 240w, https:\/\/www.usal.edu.ar\/vrf\/wp-content\/uploads\/sites\/20\/2025\/09\/Congreso-LaudatoSi-1-768x960.jpg 768w, https:\/\/www.usal.edu.ar\/vrf\/wp-content\/uploads\/sites\/20\/2025\/09\/Congreso-LaudatoSi-1.jpg 1080w\" sizes=\"auto, (max-width: 819px) 100vw, 819px\" \/><\/figure><div class=\"wp-block-media-text__content\">\n<p class=\"has-x-small-font-size\">La Universidad del Salvador invita a participar del <strong>\u201cCongreso Internacional de Estudiantes Laudato Si\u2019: J\u00f3venes en di\u00e1logo y acci\u00f3n por la Casa Com\u00fan\u201d<\/strong>, que se realizar\u00e1 los d\u00edas 22 y 23 de octubre de 2026.<\/p>\n\n\n\n<p class=\"has-x-small-font-size\">Durante dos jornadas, estudiantes y docentes reflexionar\u00e1n sobre ecolog\u00eda integral, educaci\u00f3n universitaria, justicia social y compromiso ciudadano, con conferencias, talleres y paneles. El encuentro culminar\u00e1 con la elaboraci\u00f3n participativa de la Declaraci\u00f3n Final de Estudiantes Laudato Si\u2019, un documento colectivo en favor del cuidado de nuestra casa com\u00fan.<\/p>\n\n\n\n<p class=\"has-x-small-font-size\">Consultas: <a href=\"mailto:catedralaudatosi@usal.edu.ar\">catedralaudatosi@usal.edu.ar<\/a><\/p>\n<\/div><\/div>\n\n\n\n<p><\/p>\n","protected":false},"excerpt":{"rendered":"<p>La C\u00e1tedra tiene como objetivo ofrecer un espacio de encuentro y reflexi\u00f3n a fin de profundizar el conocimiento del pensamiento de Su Santidad Francisco, difundirlo, conjuntamente con su obra, fomentar el estudio y la investigaci\u00f3n del mismo, en el \u00e1mbito de las unidades acad\u00e9micas y colaborar y apoyar posibles iniciativas similares en el \u00e1mbito universitario. [&hellip;]<\/p>\n","protected":false},"author":54,"featured_media":0,"comment_status":"closed","ping_status":"closed","sticky":false,"template":"","format":"standard","meta":{"_acf_changed":false,"footnotes":""},"categories":[1],"tags":[],"class_list":["post-747","post","type-post","status-publish","format-standard","hentry","category-tarea"],"acf":[],"_links":{"self":[{"href":"https:\/\/www.usal.edu.ar\/vrf\/wp-json\/wp\/v2\/posts\/747","targetHints":{"allow":["GET"]}}],"collection":[{"href":"https:\/\/www.usal.edu.ar\/vrf\/wp-json\/wp\/v2\/posts"}],"about":[{"href":"https:\/\/www.usal.edu.ar\/vrf\/wp-json\/wp\/v2\/types\/post"}],"author":[{"embeddable":true,"href":"https:\/\/www.usal.edu.ar\/vrf\/wp-json\/wp\/v2\/users\/54"}],"replies":[{"embeddable":true,"href":"https:\/\/www.usal.edu.ar\/vrf\/wp-json\/wp\/v2\/comments?post=747"}],"version-history":[{"count":8,"href":"https:\/\/www.usal.edu.ar\/vrf\/wp-json\/wp\/v2\/posts\/747\/revisions"}],"predecessor-version":[{"id":1161,"href":"https:\/\/www.usal.edu.ar\/vrf\/wp-json\/wp\/v2\/posts\/747\/revisions\/1161"}],"wp:attachment":[{"href":"https:\/\/www.usal.edu.ar\/vrf\/wp-json\/wp\/v2\/media?parent=747"}],"wp:term":[{"taxonomy":"category","embeddable":true,"href":"https:\/\/www.usal.edu.ar\/vrf\/wp-json\/wp\/v2\/categories?post=747"},{"taxonomy":"post_tag","embeddable":true,"href":"https:\/\/www.usal.edu.ar\/vrf\/wp-json\/wp\/v2\/tags?post=747"}],"curies":[{"name":"wp","href":"https:\/\/api.w.org\/{rel}","templated":true}]}}