{"id":786,"date":"2025-10-07T16:52:12","date_gmt":"2025-10-07T19:52:12","guid":{"rendered":"https:\/\/www.usal.edu.ar\/vrf\/?p=786"},"modified":"2025-11-25T12:58:19","modified_gmt":"2025-11-25T15:58:19","slug":"depfiloetica","status":"publish","type":"post","link":"https:\/\/www.usal.edu.ar\/vrf\/depfiloetica\/","title":{"rendered":"Departamento de Filosof\u00eda y \u00c9tica"},"content":{"rendered":"\n<div class=\"wp-block-columns is-layout-flex wp-container-core-columns-is-layout-28f84493 wp-block-columns-is-layout-flex\">\n<div class=\"wp-block-column is-layout-flow wp-block-column-is-layout-flow\" style=\"flex-basis:33.33%\">\n<figure class=\"wp-block-embed is-type-video is-provider-youtube wp-block-embed-youtube\"><div class=\"wp-block-embed__wrapper\">\n<iframe loading=\"lazy\" title=\"Lic. Mar\u00eda Victoria Scarpatti. Directora de Filosof\u00eda USAL\" width=\"422\" height=\"750\" src=\"https:\/\/www.youtube.com\/embed\/pVnbGsLCaUI?feature=oembed\" frameborder=\"0\" allow=\"accelerometer; autoplay; clipboard-write; encrypted-media; gyroscope; picture-in-picture; web-share\" referrerpolicy=\"strict-origin-when-cross-origin\" allowfullscreen><\/iframe>\n<\/div><\/figure>\n<\/div>\n\n\n\n<div class=\"wp-block-column is-layout-flow wp-block-column-is-layout-flow\" style=\"flex-basis:66.66%\">\n<p style=\"margin-right:var(--wp--preset--spacing--30);margin-left:var(--wp--preset--spacing--30)\"><strong>La Filosof\u00eda<\/strong> es \u201c\u00e1mbito de encuentro privilegiado\u201d, como mencionara S.S. Le\u00f3n XIV*, para el discernimiento y el di\u00e1logo intercultural cuando est\u00e1 al servicio de la verdad.<\/p>\n\n\n\n<p style=\"margin-right:var(--wp--preset--spacing--30);margin-left:var(--wp--preset--spacing--30)\">El estudio de la<strong> Filosof\u00eda<\/strong> se constituye en un baluarte para crecer en sabidur\u00eda, dado que colabora eficazmente en la comprensi\u00f3n de los sistemas de pensamiento desde sus fundamentos y asimismo en el encuentro entre \u00e9stos, favoreciendo tambi\u00e9n la conformaci\u00f3n de la persona integral, es decir, en la realidad del mundo y en vinculaci\u00f3n con otros semejantes, en relaci\u00f3n a s\u00ed mismo desde su interioridad y en apertura \u2014en el devenir temp\u00f3reo que constituye la historicidad de la existencia\u2014, al misterio trascendente de la vida.<\/p>\n\n\n\n<p style=\"margin-right:var(--wp--preset--spacing--30);margin-left:var(--wp--preset--spacing--30)\"><br><strong>La \u00c9tica<\/strong>, rama de la Filosof\u00eda, aporta aclarando el necesario valor de la dignidad humana frente a las nuevas situaciones que se presentan en la praxis cotidiana, como en el caso de las tecnolog\u00edas digitales y el uso de los recursos ambientales, en las pr\u00e1cticas de las formas de relacionamiento y en las maneras que resulten m\u00e1s adecuadas de comportamiento y actuaci\u00f3n en la vida, que van de lo individual a lo comunitario. La reflexi\u00f3n \u00e9tica promueve la convivencia pac\u00edfica en la sociedad unida al necesario sentido de felicidad propio del vivir.<\/p>\n\n\n\n<p><\/p>\n\n\n\n<p style=\"margin-right:var(--wp--preset--spacing--30);margin-left:var(--wp--preset--spacing--30)\"><br>Ambas asignaturas, <strong>Filosof\u00eda y \u00c9tica<\/strong>, conforman un aporte esencial en la formaci\u00f3n intelectual de los estudiantes, por la visi\u00f3n estrat\u00e9gica y capacidad de discernimiento que posibilitan en este continuum del pensar filos\u00f3fico que es vinculante con los or\u00edgenes y las bases del pensamiento cient\u00edfico y teol\u00f3gico. Por ello son parte de las carreras de grado y posgrado de nuestra instituci\u00f3n.<\/p>\n\n\n\n<div style=\"height:20px\" aria-hidden=\"true\" class=\"wp-block-spacer\"><\/div>\n\n\n\n<p style=\"margin-right:var(--wp--preset--spacing--30);margin-left:var(--wp--preset--spacing--30);font-size:0.8rem\">* S.S. Le\u00f3n XIV en su mensaje en el Congreso Internacional de Filosof\u00eda, Universidad Cat\u00f3lica \u201cNuestra Se\u00f1ora de la Asunci\u00f3n\u201d, Paraguay, 8-10 de octubre de 2025,<\/p>\n<\/div>\n<\/div>\n\n\n\n<p><\/p>\n","protected":false},"excerpt":{"rendered":"<p>La Filosof\u00eda es \u201c\u00e1mbito de encuentro privilegiado\u201d, como mencionara S.S. Le\u00f3n XIV*, para el discernimiento y el di\u00e1logo intercultural cuando est\u00e1 al servicio de la verdad. El estudio de la Filosof\u00eda se constituye en un baluarte para crecer en sabidur\u00eda, dado que colabora eficazmente en la comprensi\u00f3n de los sistemas de pensamiento desde sus fundamentos [&hellip;]<\/p>\n","protected":false},"author":54,"featured_media":0,"comment_status":"closed","ping_status":"closed","sticky":false,"template":"","format":"standard","meta":{"_acf_changed":false,"footnotes":""},"categories":[1],"tags":[],"class_list":["post-786","post","type-post","status-publish","format-standard","hentry","category-tarea"],"acf":[],"_links":{"self":[{"href":"https:\/\/www.usal.edu.ar\/vrf\/wp-json\/wp\/v2\/posts\/786","targetHints":{"allow":["GET"]}}],"collection":[{"href":"https:\/\/www.usal.edu.ar\/vrf\/wp-json\/wp\/v2\/posts"}],"about":[{"href":"https:\/\/www.usal.edu.ar\/vrf\/wp-json\/wp\/v2\/types\/post"}],"author":[{"embeddable":true,"href":"https:\/\/www.usal.edu.ar\/vrf\/wp-json\/wp\/v2\/users\/54"}],"replies":[{"embeddable":true,"href":"https:\/\/www.usal.edu.ar\/vrf\/wp-json\/wp\/v2\/comments?post=786"}],"version-history":[{"count":15,"href":"https:\/\/www.usal.edu.ar\/vrf\/wp-json\/wp\/v2\/posts\/786\/revisions"}],"predecessor-version":[{"id":1026,"href":"https:\/\/www.usal.edu.ar\/vrf\/wp-json\/wp\/v2\/posts\/786\/revisions\/1026"}],"wp:attachment":[{"href":"https:\/\/www.usal.edu.ar\/vrf\/wp-json\/wp\/v2\/media?parent=786"}],"wp:term":[{"taxonomy":"category","embeddable":true,"href":"https:\/\/www.usal.edu.ar\/vrf\/wp-json\/wp\/v2\/categories?post=786"},{"taxonomy":"post_tag","embeddable":true,"href":"https:\/\/www.usal.edu.ar\/vrf\/wp-json\/wp\/v2\/tags?post=786"}],"curies":[{"name":"wp","href":"https:\/\/api.w.org\/{rel}","templated":true}]}}