{"id":897,"date":"2025-11-11T17:12:31","date_gmt":"2025-11-11T20:12:31","guid":{"rendered":"https:\/\/www.usal.edu.ar\/vrf\/?p=897"},"modified":"2025-11-19T15:30:06","modified_gmt":"2025-11-19T18:30:06","slug":"seminario-filosofico-teologico","status":"publish","type":"post","link":"https:\/\/www.usal.edu.ar\/vrf\/seminario-filosofico-teologico\/","title":{"rendered":"Seminario Filos\u00f3fico Teol\u00f3gico en posgrados"},"content":{"rendered":"\n<div class=\"wp-block-media-text is-stacked-on-mobile is-vertically-aligned-top has-small-font-size\" style=\"border-style:none;border-width:0px;border-radius:0px;margin-top:0;margin-bottom:0;grid-template-columns:33% auto\"><figure class=\"wp-block-media-text__media\"><img loading=\"lazy\" decoding=\"async\" width=\"647\" height=\"388\" src=\"https:\/\/www.usal.edu.ar\/vrf\/wp-content\/uploads\/sites\/20\/2025\/11\/semfiloteo.jpg\" alt=\"\" class=\"wp-image-893 size-full\" srcset=\"https:\/\/www.usal.edu.ar\/vrf\/wp-content\/uploads\/sites\/20\/2025\/11\/semfiloteo.jpg 647w, https:\/\/www.usal.edu.ar\/vrf\/wp-content\/uploads\/sites\/20\/2025\/11\/semfiloteo-300x180.jpg 300w\" sizes=\"auto, (max-width: 647px) 100vw, 647px\" \/><\/figure><div class=\"wp-block-media-text__content\">\n<p class=\"has-x-small-font-size\"><strong>Una formaci\u00f3n humanista para los desaf\u00edos contempor\u00e1neos<\/strong><\/p>\n\n\n\n<p class=\"has-x-small-font-size\">Los seminarios filos\u00f3fico-teol\u00f3gicos de los posgrados de la Universidad del Salvador ofrecen un espacio acad\u00e9mico destinado a profundizar la dimensi\u00f3n humana, \u00e9tica y espiritual de las pr\u00e1cticas profesionales. En un contexto global marcado por la tecnocracia, la cultura del descarte, la crisis socioambiental y el debilitamiento de los v\u00ednculos sociales, resulta indispensable recuperar perspectivas que iluminen el sentido del trabajo, el liderazgo y la organizaci\u00f3n social desde una visi\u00f3n integral de la persona.<\/p>\n\n\n\n<p class=\"has-x-small-font-size\">Inspirados en el ideario humanista y cristiano de la Universidad, y en di\u00e1logo con la propuesta del Papa Francisco sobre el rol de las religiones como promotoras de justicia y paz, estos seminarios buscan integrar reflexi\u00f3n cr\u00edtica, formaci\u00f3n \u00e9tica y apertura interdisciplinar. La finalidad es contribuir a que los estudiantes adquieran criterios s\u00f3lidos para comprender la complejidad del mundo actual y orientar su acci\u00f3n profesional de manera responsable, justa y fraterna.<\/p>\n\n\n\n<p class=\"has-x-small-font-size\">A lo largo del seminario se abordan tres n\u00facleos tem\u00e1ticos de especial relevancia para cualquier \u00e1mbito laboral y organizacional:<\/p>\n\n\n\n<ul class=\"wp-block-list\">\n<li class=\"has-x-small-font-size\"><strong>Liderazgo y discernimiento<\/strong>, entendidos desde una perspectiva sinodal que promueve la escucha, la corresponsabilidad y la toma de decisiones \u00e9tica.<\/li>\n\n\n\n<li class=\"has-x-small-font-size\"><strong>Ecolog\u00eda integral<\/strong>, que permite comprender los desaf\u00edos socioambientales y las transformaciones necesarias para un desarrollo sostenible.<\/li>\n\n\n\n<li class=\"has-x-small-font-size\"><strong>Justicia y paz social<\/strong>, a partir de los principios de la Doctrina Social y de una comprensi\u00f3n profunda de la fraternidad como fundamento de la vida comunitaria.<\/li>\n<\/ul>\n\n\n\n<p class=\"has-x-small-font-size\">En conjunto, estos seminarios ofrecen a los profesionales de posgrado herramientas conceptuales y pr\u00e1cticas para ejercer su liderazgo en un mundo en cambio, comprometidos con el bien com\u00fan, el respeto a la dignidad humana y la construcci\u00f3n de una sociedad m\u00e1s justa y solidaria.<\/p>\n<\/div><\/div>\n","protected":false},"excerpt":{"rendered":"","protected":false},"author":54,"featured_media":0,"comment_status":"closed","ping_status":"closed","sticky":false,"template":"","format":"standard","meta":{"_acf_changed":false,"footnotes":""},"categories":[1],"tags":[],"class_list":["post-897","post","type-post","status-publish","format-standard","hentry","category-tarea"],"acf":[],"_links":{"self":[{"href":"https:\/\/www.usal.edu.ar\/vrf\/wp-json\/wp\/v2\/posts\/897","targetHints":{"allow":["GET"]}}],"collection":[{"href":"https:\/\/www.usal.edu.ar\/vrf\/wp-json\/wp\/v2\/posts"}],"about":[{"href":"https:\/\/www.usal.edu.ar\/vrf\/wp-json\/wp\/v2\/types\/post"}],"author":[{"embeddable":true,"href":"https:\/\/www.usal.edu.ar\/vrf\/wp-json\/wp\/v2\/users\/54"}],"replies":[{"embeddable":true,"href":"https:\/\/www.usal.edu.ar\/vrf\/wp-json\/wp\/v2\/comments?post=897"}],"version-history":[{"count":3,"href":"https:\/\/www.usal.edu.ar\/vrf\/wp-json\/wp\/v2\/posts\/897\/revisions"}],"predecessor-version":[{"id":1018,"href":"https:\/\/www.usal.edu.ar\/vrf\/wp-json\/wp\/v2\/posts\/897\/revisions\/1018"}],"wp:attachment":[{"href":"https:\/\/www.usal.edu.ar\/vrf\/wp-json\/wp\/v2\/media?parent=897"}],"wp:term":[{"taxonomy":"category","embeddable":true,"href":"https:\/\/www.usal.edu.ar\/vrf\/wp-json\/wp\/v2\/categories?post=897"},{"taxonomy":"post_tag","embeddable":true,"href":"https:\/\/www.usal.edu.ar\/vrf\/wp-json\/wp\/v2\/tags?post=897"}],"curies":[{"name":"wp","href":"https:\/\/api.w.org\/{rel}","templated":true}]}}